{"id":242,"date":"2024-01-26T17:57:08","date_gmt":"2024-01-26T16:57:08","guid":{"rendered":"https:\/\/malcolmx.fr\/?p=242"},"modified":"2025-01-30T22:41:55","modified_gmt":"2025-01-30T21:41:55","slug":"nation-of-islam-partie-1","status":"publish","type":"post","link":"https:\/\/malcolmx.fr\/index.php\/2024\/01\/26\/nation-of-islam-partie-1\/","title":{"rendered":"Nation of Islam : Partie 1"},"content":{"rendered":"\t\t<div data-elementor-type=\"wp-post\" data-elementor-id=\"242\" class=\"elementor elementor-242\" data-elementor-post-type=\"post\">\n\t\t\t\t<div class=\"elementor-element elementor-element-14b9c04 e-flex e-con-boxed e-con e-parent\" data-id=\"14b9c04\" data-element_type=\"container\">\n\t\t\t\t\t<div class=\"e-con-inner\">\n\t\t\t\t<div class=\"elementor-element elementor-element-136e82d elementor-widget elementor-widget-text-editor\" data-id=\"136e82d\" data-element_type=\"widget\" data-widget_type=\"text-editor.default\">\n\t\t\t\t<div class=\"elementor-widget-container\">\n\t\t\t\t\t\t\t\t\t<p class=\"has-text-align-justify\">Organisation socio-religieuse ayant jou\u00e9 un r\u00f4le majeur dans les vies de Malcolm X &amp; Mohammed Ali, la Nation of Islam -dont les membres sont plus connus sous le nom de \u00ab\u00a0Black Muslims\u00a0\u00bb- demeure pour beaucoup une entit\u00e9 m\u00e9connue, sinon inconnue.<\/p>\n<p class=\"has-text-align-justify\">Quelles sont ses origines ? Quelles sont ses principales figures ? Quelles sont ses id\u00e9ologies politiques, et ses croyances religieuses ? Quelle(s) diff\u00e9rences entre l&rsquo;Islam et la Nation of Islam ? Comment cette organisation est-elle structur\u00e9e ? Comment a t-elle \u00e9volu\u00e9 au fil du temps ? Existe-t-elle encore aujourd&rsquo;hui ?<\/p>\n<p><\/p>\n<p class=\"has-text-align-justify\">Cette premi\u00e8re partie se propose de jeter la lumi\u00e8re sur les origines de cet important mouvement n\u00e9 au XX\u00e8me si\u00e8cle et qui, aujourd&rsquo;hui encore, perdure aux Etats-Unis.<\/p>\t\t\t\t\t\t\t\t<\/div>\n\t\t\t\t<\/div>\n\t\t\t\t\t<\/div>\n\t\t\t\t<\/div>\n\t\t<div class=\"elementor-element elementor-element-6a56a4c e-flex e-con-boxed e-con e-parent\" data-id=\"6a56a4c\" data-element_type=\"container\">\n\t\t\t\t\t<div class=\"e-con-inner\">\n\t\t\t\t<div class=\"elementor-element elementor-element-b724486 elementor-widget elementor-widget-heading\" data-id=\"b724486\" data-element_type=\"widget\" data-widget_type=\"heading.default\">\n\t\t\t\t<div class=\"elementor-widget-container\">\n\t\t\t\t\t<h2 class=\"elementor-heading-title elementor-size-default\">Aux origines de la noi<\/h2>\t\t\t\t<\/div>\n\t\t\t\t<\/div>\n\t\t\t\t\t<\/div>\n\t\t\t\t<\/div>\n\t\t<div class=\"elementor-element elementor-element-0f4c800 e-flex e-con-boxed e-con e-parent\" data-id=\"0f4c800\" data-element_type=\"container\">\n\t\t\t\t\t<div class=\"e-con-inner\">\n\t\t\t\t<div class=\"elementor-element elementor-element-703ff4d elementor-widget elementor-widget-spacer\" data-id=\"703ff4d\" data-element_type=\"widget\" data-widget_type=\"spacer.default\">\n\t\t\t\t<div class=\"elementor-widget-container\">\n\t\t\t\t\t\t\t<div class=\"elementor-spacer\">\n\t\t\t<div class=\"elementor-spacer-inner\"><\/div>\n\t\t<\/div>\n\t\t\t\t\t\t<\/div>\n\t\t\t\t<\/div>\n\t\t\t\t\t<\/div>\n\t\t\t\t<\/div>\n\t\t<div class=\"elementor-element elementor-element-5f028bd e-flex e-con-boxed e-con e-parent\" data-id=\"5f028bd\" data-element_type=\"container\">\n\t\t\t\t\t<div class=\"e-con-inner\">\n\t\t\t\t<div class=\"elementor-element elementor-element-90f2e79 elementor-widget elementor-widget-text-editor\" data-id=\"90f2e79\" data-element_type=\"widget\" data-widget_type=\"text-editor.default\">\n\t\t\t\t<div class=\"elementor-widget-container\">\n\t\t\t\t\t\t\t\t\t<p class=\"has-text-align-justify\">Fond\u00e9e en 1930 \u00e0 D\u00e9troit dans le nord des Etats-Unis par le tr\u00e8s myst\u00e9rieux <a href=\"https:\/\/fr.wikipedia.org\/wiki\/Wallace_Fard_Muhammad\">Wallace D. Fard<\/a>, la Nation of Islam s&rsquo;inscrit d\u00e8s lors dans la lign\u00e9e de pr\u00e9c\u00e9dents mouvements peu ou prou similaires auxquels sont emprunt\u00e9s nombre de concepts et d&rsquo;id\u00e9es, tant sur la question de l&rsquo;\u00e9mancipation des Noirs am\u00e9ricains que sur la composante religieuse.<\/p><p>   <\/p><p id=\"aux-origines\" class=\"has-text-align-justify\">L&rsquo;on est alors en 1930, date \u00e0 laquelle la s\u00e9gr\u00e9gation bat son plein aux Etats-Unis. L&rsquo;esclavage y a officiellement \u00e9t\u00e9 aboli 65 ans plus t\u00f4t, en 1865, suite \u00e0 la guerre de S\u00e9cession, mais les violences raciales, elles, sont toujours la norme, et il n&rsquo;est pas rare d&rsquo;assister \u00e0 de sordides lynchages suivis de pendaisons en place publique, notamment dans les anciens Etats conf\u00e9d\u00e9r\u00e9s du sud des Etats-Unis.<\/p>\t\t\t\t\t\t\t\t<\/div>\n\t\t\t\t<\/div>\n\t\t\t\t\t<\/div>\n\t\t\t\t<\/div>\n\t\t<div class=\"elementor-element elementor-element-80618a9 e-flex e-con-boxed e-con e-parent\" data-id=\"80618a9\" data-element_type=\"container\">\n\t\t\t\t\t<div class=\"e-con-inner\">\n\t\t\t\t<div class=\"elementor-element elementor-element-482a409 elementor-widget elementor-widget-spacer\" data-id=\"482a409\" data-element_type=\"widget\" data-widget_type=\"spacer.default\">\n\t\t\t\t<div class=\"elementor-widget-container\">\n\t\t\t\t\t\t\t<div class=\"elementor-spacer\">\n\t\t\t<div class=\"elementor-spacer-inner\"><\/div>\n\t\t<\/div>\n\t\t\t\t\t\t<\/div>\n\t\t\t\t<\/div>\n\t\t\t\t\t<\/div>\n\t\t\t\t<\/div>\n\t\t<div class=\"elementor-element elementor-element-e1bfd09 e-flex e-con-boxed e-con e-parent\" data-id=\"e1bfd09\" data-element_type=\"container\">\n\t\t\t\t\t<div class=\"e-con-inner\">\n\t\t\t\t<div class=\"elementor-element elementor-element-60c5679 elementor-widget elementor-widget-image\" data-id=\"60c5679\" data-element_type=\"widget\" data-widget_type=\"image.default\">\n\t\t\t\t<div class=\"elementor-widget-container\">\n\t\t\t\t\t\t\t\t\t\t\t\t<figure class=\"wp-caption\">\n\t\t\t\t\t\t\t\t\t\t<img fetchpriority=\"high\" decoding=\"async\" width=\"1023\" height=\"524\" src=\"https:\/\/malcolmx.fr\/wp-content\/uploads\/2024\/01\/KKK.webp\" class=\"attachment-full size-full wp-image-106\" alt=\"\" srcset=\"https:\/\/malcolmx.fr\/wp-content\/uploads\/2024\/01\/KKK.webp 1023w, https:\/\/malcolmx.fr\/wp-content\/uploads\/2024\/01\/KKK-300x154.webp 300w, https:\/\/malcolmx.fr\/wp-content\/uploads\/2024\/01\/KKK-768x393.webp 768w\" sizes=\"(max-width: 1023px) 100vw, 1023px\" \/>\t\t\t\t\t\t\t\t\t\t\t<figcaption class=\"widget-image-caption wp-caption-text\">Image d'illustration du Ku Klux Klan (Photo de Stan Grossfeld\/The Boston Globe via Getty Images)<\/figcaption>\n\t\t\t\t\t\t\t\t\t\t<\/figure>\n\t\t\t\t\t\t\t\t\t<\/div>\n\t\t\t\t<\/div>\n\t\t\t\t\t<\/div>\n\t\t\t\t<\/div>\n\t\t<div class=\"elementor-element elementor-element-f7f57a9 e-flex e-con-boxed e-con e-parent\" data-id=\"f7f57a9\" data-element_type=\"container\">\n\t\t\t\t\t<div class=\"e-con-inner\">\n\t\t\t\t<div class=\"elementor-element elementor-element-a0bc280 elementor-widget elementor-widget-spacer\" data-id=\"a0bc280\" data-element_type=\"widget\" data-widget_type=\"spacer.default\">\n\t\t\t\t<div class=\"elementor-widget-container\">\n\t\t\t\t\t\t\t<div class=\"elementor-spacer\">\n\t\t\t<div class=\"elementor-spacer-inner\"><\/div>\n\t\t<\/div>\n\t\t\t\t\t\t<\/div>\n\t\t\t\t<\/div>\n\t\t\t\t\t<\/div>\n\t\t\t\t<\/div>\n\t\t<div class=\"elementor-element elementor-element-f1e6be2 e-flex e-con-boxed e-con e-parent\" data-id=\"f1e6be2\" data-element_type=\"container\">\n\t\t\t\t\t<div class=\"e-con-inner\">\n\t\t\t\t<div class=\"elementor-element elementor-element-8b153f7 elementor-widget elementor-widget-text-editor\" data-id=\"8b153f7\" data-element_type=\"widget\" data-widget_type=\"text-editor.default\">\n\t\t\t\t<div class=\"elementor-widget-container\">\n\t\t\t\t\t\t\t\t\t<p class=\"has-text-align-justify\">C&rsquo;est dans ce contexte que de nombreux mouvements socio-religieux noirs voient le jour, notamment \u00e0 partir des ann\u00e9es 1910, mouvements pr\u00f4nant pour nombre d&rsquo;entre eux l&rsquo;\u00e9mancipation des Noirs et le refus de l&rsquo;int\u00e9gration \u00e0 la soci\u00e9t\u00e9 blanche d&rsquo;alors.<\/p>\n<p><\/p>\n<p class=\"has-text-align-justify\">\u00c0 ces notions commun\u00e9ment assimil\u00e9es au concept de nationalisme noir, ces organisations ont par ailleurs en commun un mysticisme religieux port\u00e9 par leurs figures respectives. L&rsquo;on peut citer p\u00eale-m\u00eale les mouvements Peace Mission de Father Divine, les Commandment Keepers, ou encore l&rsquo;United House of Prayer de Daddy Grace pour ne citer qu&rsquo;eux.<\/p>\t\t\t\t\t\t\t\t<\/div>\n\t\t\t\t<\/div>\n\t\t\t\t\t<\/div>\n\t\t\t\t<\/div>\n\t\t<div class=\"elementor-element elementor-element-5d3cbc8 e-flex e-con-boxed e-con e-parent\" data-id=\"5d3cbc8\" data-element_type=\"container\">\n\t\t\t\t\t<div class=\"e-con-inner\">\n\t\t\t\t<div class=\"elementor-element elementor-element-d912975 elementor-widget elementor-widget-spacer\" data-id=\"d912975\" data-element_type=\"widget\" data-widget_type=\"spacer.default\">\n\t\t\t\t<div class=\"elementor-widget-container\">\n\t\t\t\t\t\t\t<div class=\"elementor-spacer\">\n\t\t\t<div class=\"elementor-spacer-inner\"><\/div>\n\t\t<\/div>\n\t\t\t\t\t\t<\/div>\n\t\t\t\t<\/div>\n\t\t\t\t\t<\/div>\n\t\t\t\t<\/div>\n\t\t<div class=\"elementor-element elementor-element-2214fb3 e-flex e-con-boxed e-con e-parent\" data-id=\"2214fb3\" data-element_type=\"container\">\n\t\t\t\t\t<div class=\"e-con-inner\">\n\t\t\t\t<div class=\"elementor-element elementor-element-88d9213 elementor-widget elementor-widget-image\" data-id=\"88d9213\" data-element_type=\"widget\" data-widget_type=\"image.default\">\n\t\t\t\t<div class=\"elementor-widget-container\">\n\t\t\t\t\t\t\t\t\t\t\t\t<figure class=\"wp-caption\">\n\t\t\t\t\t\t\t\t\t\t<img decoding=\"async\" width=\"900\" height=\"506\" src=\"https:\/\/malcolmx.fr\/wp-content\/uploads\/2024\/02\/7e1b3-nation_of_islam_by_xumarov-d5jijkg.png\" class=\"attachment-full size-full wp-image-244\" alt=\"\" srcset=\"https:\/\/malcolmx.fr\/wp-content\/uploads\/2024\/02\/7e1b3-nation_of_islam_by_xumarov-d5jijkg.png 900w, https:\/\/malcolmx.fr\/wp-content\/uploads\/2024\/02\/7e1b3-nation_of_islam_by_xumarov-d5jijkg-300x169.png 300w, https:\/\/malcolmx.fr\/wp-content\/uploads\/2024\/02\/7e1b3-nation_of_islam_by_xumarov-d5jijkg-768x432.png 768w\" sizes=\"(max-width: 900px) 100vw, 900px\" \/>\t\t\t\t\t\t\t\t\t\t\t<figcaption class=\"widget-image-caption wp-caption-text\">Drapeau de la Nation of Islam<\/figcaption>\n\t\t\t\t\t\t\t\t\t\t<\/figure>\n\t\t\t\t\t\t\t\t\t<\/div>\n\t\t\t\t<\/div>\n\t\t\t\t\t<\/div>\n\t\t\t\t<\/div>\n\t\t<div class=\"elementor-element elementor-element-0016b7d e-flex e-con-boxed e-con e-parent\" data-id=\"0016b7d\" data-element_type=\"container\">\n\t\t\t\t\t<div class=\"e-con-inner\">\n\t\t\t\t<div class=\"elementor-element elementor-element-b74ac30 elementor-widget elementor-widget-spacer\" data-id=\"b74ac30\" data-element_type=\"widget\" data-widget_type=\"spacer.default\">\n\t\t\t\t<div class=\"elementor-widget-container\">\n\t\t\t\t\t\t\t<div class=\"elementor-spacer\">\n\t\t\t<div class=\"elementor-spacer-inner\"><\/div>\n\t\t<\/div>\n\t\t\t\t\t\t<\/div>\n\t\t\t\t<\/div>\n\t\t\t\t\t<\/div>\n\t\t\t\t<\/div>\n\t\t<div class=\"elementor-element elementor-element-c55f556 e-flex e-con-boxed e-con e-parent\" data-id=\"c55f556\" data-element_type=\"container\">\n\t\t\t\t\t<div class=\"e-con-inner\">\n\t\t\t\t<div class=\"elementor-element elementor-element-dbd4e7a elementor-widget elementor-widget-text-editor\" data-id=\"dbd4e7a\" data-element_type=\"widget\" data-widget_type=\"text-editor.default\">\n\t\t\t\t<div class=\"elementor-widget-container\">\n\t\t\t\t\t\t\t\t\t<p class=\"has-text-align-justify has-black-color has-text-color\"><span style=\"color: #ffffff;\">De ces divers mouvements, la Nation of Islam puise l&rsquo;essentiel de son corpus politique et religieux de deux d&rsquo;entre eux : l\u2019Association universelle pour l\u2019am\u00e9lioration de la condition noire (<em>United Negro Improvement Association<\/em> <em>ou UNIA<\/em>) de Marcus Garvey, et le Temple de la Science Maure en Am\u00e9rique (<em>the Moorish Science Temple of America) <\/em>de Noble Drew Ali.<\/span><\/p>\n<p class=\"has-text-align-justify\">Du premier, Wallace D. Fard en emprunte les grandes lignes politiques que sont l&rsquo;\u00e9mancipation \u00e9conomique et culturelle des Noirs, ainsi que le refus de l&rsquo;int\u00e9gration et de l&rsquo;assimilation auxquelles sont pr\u00e9f\u00e9r\u00e9es la s\u00e9paration et le retour des Noirs am\u00e9ricains en Afrique.<\/p>\n<p><\/p>\n<p class=\"has-text-align-justify\"><a href=\"https:\/\/www.universalis.fr\/encyclopedie\/marcus-garvey\/\">Marcus Garvey<\/a>, musicien jama\u00efcain rapidement devenu journaliste et militant pour la cause noire suite \u00e0 de nombreux voyages en Am\u00e9rique latine et aux Etats-Unis o\u00f9 il y constate les d\u00e9plorables conditions de \u00ab\u00a0ses fr\u00e8res noirs\u00a0\u00bb, est en effet l&rsquo;un des pr\u00e9curseurs du nationalisme noir et du panafricanisme.<\/p>\t\t\t\t\t\t\t\t<\/div>\n\t\t\t\t<\/div>\n\t\t\t\t\t<\/div>\n\t\t\t\t<\/div>\n\t\t<div class=\"elementor-element elementor-element-e3266ea e-flex e-con-boxed e-con e-parent\" data-id=\"e3266ea\" data-element_type=\"container\">\n\t\t\t\t\t<div class=\"e-con-inner\">\n\t\t\t\t<div class=\"elementor-element elementor-element-66f9ab2 elementor-widget elementor-widget-spacer\" data-id=\"66f9ab2\" data-element_type=\"widget\" data-widget_type=\"spacer.default\">\n\t\t\t\t<div class=\"elementor-widget-container\">\n\t\t\t\t\t\t\t<div class=\"elementor-spacer\">\n\t\t\t<div class=\"elementor-spacer-inner\"><\/div>\n\t\t<\/div>\n\t\t\t\t\t\t<\/div>\n\t\t\t\t<\/div>\n\t\t\t\t\t<\/div>\n\t\t\t\t<\/div>\n\t\t<div class=\"elementor-element elementor-element-e85c44e e-flex e-con-boxed e-con e-parent\" data-id=\"e85c44e\" data-element_type=\"container\">\n\t\t\t\t\t<div class=\"e-con-inner\">\n\t\t\t\t<div class=\"elementor-element elementor-element-a7d5b1f elementor-blockquote--skin-border elementor-blockquote--button-color-official elementor-widget elementor-widget-blockquote\" data-id=\"a7d5b1f\" data-element_type=\"widget\" data-widget_type=\"blockquote.default\">\n\t\t\t\t<div class=\"elementor-widget-container\">\n\t\t\t\t\t\t\t<blockquote class=\"elementor-blockquote\">\n\t\t\t<p class=\"elementor-blockquote__content\">\n\t\t\t\tLa peau noire n'est pas un insigne de la honte, mais plut\u00f4t un symbole de grandeur nationale.\t\t\t<\/p>\n\t\t\t\t\t\t\t<div class=\"e-q-footer\">\n\t\t\t\t\t\t\t\t\t\t\t<cite class=\"elementor-blockquote__author\">Marcus Garvey<\/cite>\n\t\t\t\t\t\t\t\t\t\t\t\t\t\t<\/div>\n\t\t\t\t\t<\/blockquote>\n\t\t\t\t\t\t<\/div>\n\t\t\t\t<\/div>\n\t\t\t\t\t<\/div>\n\t\t\t\t<\/div>\n\t\t<div class=\"elementor-element elementor-element-653ba26 e-flex e-con-boxed e-con e-parent\" data-id=\"653ba26\" data-element_type=\"container\">\n\t\t\t\t\t<div class=\"e-con-inner\">\n\t\t\t\t<div class=\"elementor-element elementor-element-af208f1 elementor-widget elementor-widget-spacer\" data-id=\"af208f1\" data-element_type=\"widget\" data-widget_type=\"spacer.default\">\n\t\t\t\t<div class=\"elementor-widget-container\">\n\t\t\t\t\t\t\t<div class=\"elementor-spacer\">\n\t\t\t<div class=\"elementor-spacer-inner\"><\/div>\n\t\t<\/div>\n\t\t\t\t\t\t<\/div>\n\t\t\t\t<\/div>\n\t\t\t\t\t<\/div>\n\t\t\t\t<\/div>\n\t\t<div class=\"elementor-element elementor-element-6f00fc9 e-flex e-con-boxed e-con e-parent\" data-id=\"6f00fc9\" data-element_type=\"container\">\n\t\t\t\t\t<div class=\"e-con-inner\">\n\t\t\t\t<div class=\"elementor-element elementor-element-63f31e9 elementor-widget elementor-widget-text-editor\" data-id=\"63f31e9\" data-element_type=\"widget\" data-widget_type=\"text-editor.default\">\n\t\t\t\t<div class=\"elementor-widget-container\">\n\t\t\t\t\t\t\t\t\t<p>Garvey, qui fonde son Association universelle pour l&rsquo;am\u00e9lioration de la condition noire en 1917 avec la devise <em>\u00ab\u00a0Un Dieu\u00a0! Un But\u00a0! Une Destin\u00e9e\u00a0!\u00a0\u00bb<\/em> (\u00ab\u00a0<em>One God! One aim! One destiny!\u00a0\u00bb<\/em>), consid\u00e8re que les Afro-Am\u00e9ricains ne pourront jamais vivre libres et dignes hors d&rsquo;Afrique et milite ainsi pour un \u00ab\u00a0rapatriement\u00a0\u00bb des noirs am\u00e9ricains au continent de leurs anc\u00eatres. Il est \u00e0 l&rsquo;origine de la c\u00e9l\u00e8bre formule <em>\u00abLa peau noire n&rsquo;est pas un insigne de la honte, mais plut\u00f4t un symbole de grandeur nationale\u00bb<\/em>.<\/p>\t\t\t\t\t\t\t\t<\/div>\n\t\t\t\t<\/div>\n\t\t\t\t\t<\/div>\n\t\t\t\t<\/div>\n\t\t<div class=\"elementor-element elementor-element-0688f83 e-flex e-con-boxed e-con e-parent\" data-id=\"0688f83\" data-element_type=\"container\">\n\t\t\t\t\t<div class=\"e-con-inner\">\n\t\t\t\t<div class=\"elementor-element elementor-element-2feb0b0 elementor-widget elementor-widget-spacer\" data-id=\"2feb0b0\" data-element_type=\"widget\" data-widget_type=\"spacer.default\">\n\t\t\t\t<div class=\"elementor-widget-container\">\n\t\t\t\t\t\t\t<div class=\"elementor-spacer\">\n\t\t\t<div class=\"elementor-spacer-inner\"><\/div>\n\t\t<\/div>\n\t\t\t\t\t\t<\/div>\n\t\t\t\t<\/div>\n\t\t\t\t\t<\/div>\n\t\t\t\t<\/div>\n\t\t<div class=\"elementor-element elementor-element-cb57af8 e-flex e-con-boxed e-con e-parent\" data-id=\"cb57af8\" data-element_type=\"container\">\n\t\t\t\t\t<div class=\"e-con-inner\">\n\t\t\t\t<div class=\"elementor-element elementor-element-150c78c elementor-widget elementor-widget-image\" data-id=\"150c78c\" data-element_type=\"widget\" data-widget_type=\"image.default\">\n\t\t\t\t<div class=\"elementor-widget-container\">\n\t\t\t\t\t\t\t\t\t\t\t\t<figure class=\"wp-caption\">\n\t\t\t\t\t\t\t\t\t\t<img decoding=\"async\" width=\"800\" height=\"400\" src=\"https:\/\/malcolmx.fr\/wp-content\/uploads\/2024\/02\/Garvey-Drew-Ali.webp\" class=\"attachment-full size-full wp-image-245\" alt=\"\" srcset=\"https:\/\/malcolmx.fr\/wp-content\/uploads\/2024\/02\/Garvey-Drew-Ali.webp 800w, https:\/\/malcolmx.fr\/wp-content\/uploads\/2024\/02\/Garvey-Drew-Ali-300x150.webp 300w, https:\/\/malcolmx.fr\/wp-content\/uploads\/2024\/02\/Garvey-Drew-Ali-768x384.webp 768w\" sizes=\"(max-width: 800px) 100vw, 800px\" \/>\t\t\t\t\t\t\t\t\t\t\t<figcaption class=\"widget-image-caption wp-caption-text\">Marcus Garvey &amp; \"Noble\" Drew Ali<\/figcaption>\n\t\t\t\t\t\t\t\t\t\t<\/figure>\n\t\t\t\t\t\t\t\t\t<\/div>\n\t\t\t\t<\/div>\n\t\t\t\t\t<\/div>\n\t\t\t\t<\/div>\n\t\t<div class=\"elementor-element elementor-element-3a86768 e-flex e-con-boxed e-con e-parent\" data-id=\"3a86768\" data-element_type=\"container\">\n\t\t\t\t\t<div class=\"e-con-inner\">\n\t\t\t\t<div class=\"elementor-element elementor-element-6c22620 elementor-widget elementor-widget-spacer\" data-id=\"6c22620\" data-element_type=\"widget\" data-widget_type=\"spacer.default\">\n\t\t\t\t<div class=\"elementor-widget-container\">\n\t\t\t\t\t\t\t<div class=\"elementor-spacer\">\n\t\t\t<div class=\"elementor-spacer-inner\"><\/div>\n\t\t<\/div>\n\t\t\t\t\t\t<\/div>\n\t\t\t\t<\/div>\n\t\t\t\t\t<\/div>\n\t\t\t\t<\/div>\n\t\t<div class=\"elementor-element elementor-element-14a6972 e-flex e-con-boxed e-con e-parent\" data-id=\"14a6972\" data-element_type=\"container\">\n\t\t\t\t\t<div class=\"e-con-inner\">\n\t\t\t\t<div class=\"elementor-element elementor-element-cb2dd25 elementor-widget elementor-widget-text-editor\" data-id=\"cb2dd25\" data-element_type=\"widget\" data-widget_type=\"text-editor.default\">\n\t\t\t\t<div class=\"elementor-widget-container\">\n\t\t\t\t\t\t\t\t\t<p>Du second, Wallace \u00ab\u00a0Fard Muhammad\u00a0\u00bb en extrait le socle des croyances religieuses de la Nation of Islam. <a href=\"https:\/\/www.encyclopedia.com\/religion\/legal-and-political-magazines\/noble-drew-ali-1886-1929-religious-leader\">\u00ab\u00a0Noble\u00a0\u00bb Drew Ali<\/a>, n\u00e9 Timothy Drew, est un personnage encore plus incertain et myst\u00e9rieux que Fard.<\/p><p>N\u00e9 dans une tr\u00e8s hostile Caroline du Nord en 1886, Drew Ali se met en 1913 \u00e0 r\u00e9pandre aux Etats-Unis une religion qu&rsquo;il aurait connue au Maroc \u00e0 l&rsquo;occasion d&rsquo;un voyage, au cours duquel le souverain marocain de l&rsquo;\u00e9poque Moulay Youssef lui aurait confi\u00e9 la mission d&rsquo;enseigner l&rsquo;Islam.<\/p><p>     <\/p><p>Timothy Drew devient alors \u00ab\u00a0Noble\u00a0\u00bb Drew Ali et se met \u00e0 fonder des \u00ab\u00a0temples\u00a0\u00bb islamiques dans plusieurs villes des Etats-Unis telles que Pittsburgh, Chicago ou encore Detroit, non sans se proclamer dans le m\u00eame temps \u00ab\u00a0deuxi\u00e8me proph\u00e8te de l&rsquo;Islam\u00a0\u00bb.<\/p><p>Drew enseigne que les Maures sont \u00ab\u00a0asiatiques\u00a0\u00bb, et qu&rsquo;il existe seulement deux peuples sur la plan\u00e8te, les Europ\u00e9ens et les Asiatiques. Les peuples de l&rsquo;Asie, de l&rsquo;Afrique, et du\u00a0Pacifique, mais aussi les Latino-Am\u00e9ricains, et le peuple autochtone des Am\u00e9riques sont tous consid\u00e9r\u00e9s comme \u00ab\u00a0asiatiques\u00a0\u00bb.<\/p><p>   <\/p><p>Pour lui, les Europ\u00e9ens repr\u00e9sentent \u00ab\u00a0l&rsquo;individu inf\u00e9rieur\u00a0\u00bb (Satan), chass\u00e9s de\u00a0La Mecque\u00a0par les musulmans asiatiques. En pratique, la nouvelle religion exalte le nationalisme noir et s&rsquo;adresse surtout aux\u00a0Afro-Am\u00e9ricains.<\/p>\t\t\t\t\t\t\t\t<\/div>\n\t\t\t\t<\/div>\n\t\t\t\t\t<\/div>\n\t\t\t\t<\/div>\n\t\t<div class=\"elementor-element elementor-element-19a211c e-flex e-con-boxed e-con e-parent\" data-id=\"19a211c\" data-element_type=\"container\">\n\t\t\t\t\t<div class=\"e-con-inner\">\n\t\t\t\t<div class=\"elementor-element elementor-element-31369bb elementor-widget elementor-widget-spacer\" data-id=\"31369bb\" data-element_type=\"widget\" data-widget_type=\"spacer.default\">\n\t\t\t\t<div class=\"elementor-widget-container\">\n\t\t\t\t\t\t\t<div class=\"elementor-spacer\">\n\t\t\t<div class=\"elementor-spacer-inner\"><\/div>\n\t\t<\/div>\n\t\t\t\t\t\t<\/div>\n\t\t\t\t<\/div>\n\t\t\t\t\t<\/div>\n\t\t\t\t<\/div>\n\t\t<div class=\"elementor-element elementor-element-d38848a e-flex e-con-boxed e-con e-parent\" data-id=\"d38848a\" data-element_type=\"container\">\n\t\t\t\t\t<div class=\"e-con-inner\">\n\t\t\t\t<div class=\"elementor-element elementor-element-142684a elementor-widget elementor-widget-image\" data-id=\"142684a\" data-element_type=\"widget\" data-widget_type=\"image.default\">\n\t\t\t\t<div class=\"elementor-widget-container\">\n\t\t\t\t\t\t\t\t\t\t\t\t<figure class=\"wp-caption\">\n\t\t\t\t\t\t\t\t\t\t<img loading=\"lazy\" decoding=\"async\" width=\"860\" height=\"573\" src=\"https:\/\/malcolmx.fr\/wp-content\/uploads\/2024\/02\/5615c-drew.jpeg\" class=\"attachment-full size-full wp-image-246\" alt=\"\" srcset=\"https:\/\/malcolmx.fr\/wp-content\/uploads\/2024\/02\/5615c-drew.jpeg 860w, https:\/\/malcolmx.fr\/wp-content\/uploads\/2024\/02\/5615c-drew-300x200.jpeg 300w, https:\/\/malcolmx.fr\/wp-content\/uploads\/2024\/02\/5615c-drew-768x512.jpeg 768w\" sizes=\"(max-width: 860px) 100vw, 860px\" \/>\t\t\t\t\t\t\t\t\t\t\t<figcaption class=\"widget-image-caption wp-caption-text\">Membres du 'Temple de la Science Maure en Am\u00e9rique' \u00e0 la convention d'octobre 1928. Drew Ali figure au 1er rang, en 5\u00e8me position en partant de la gauche - Alamy Stock Photos<\/figcaption>\n\t\t\t\t\t\t\t\t\t\t<\/figure>\n\t\t\t\t\t\t\t\t\t<\/div>\n\t\t\t\t<\/div>\n\t\t\t\t\t<\/div>\n\t\t\t\t<\/div>\n\t\t<div class=\"elementor-element elementor-element-cc270df e-flex e-con-boxed e-con e-parent\" data-id=\"cc270df\" data-element_type=\"container\">\n\t\t\t\t\t<div class=\"e-con-inner\">\n\t\t\t\t<div class=\"elementor-element elementor-element-4c71ec9 elementor-widget elementor-widget-spacer\" data-id=\"4c71ec9\" data-element_type=\"widget\" data-widget_type=\"spacer.default\">\n\t\t\t\t<div class=\"elementor-widget-container\">\n\t\t\t\t\t\t\t<div class=\"elementor-spacer\">\n\t\t\t<div class=\"elementor-spacer-inner\"><\/div>\n\t\t<\/div>\n\t\t\t\t\t\t<\/div>\n\t\t\t\t<\/div>\n\t\t\t\t\t<\/div>\n\t\t\t\t<\/div>\n\t\t<div class=\"elementor-element elementor-element-7227522 e-flex e-con-boxed e-con e-parent\" data-id=\"7227522\" data-element_type=\"container\">\n\t\t\t\t\t<div class=\"e-con-inner\">\n\t\t\t\t<div class=\"elementor-element elementor-element-f8e9cbb elementor-widget elementor-widget-text-editor\" data-id=\"f8e9cbb\" data-element_type=\"widget\" data-widget_type=\"text-editor.default\">\n\t\t\t\t<div class=\"elementor-widget-container\">\n\t\t\t\t\t\t\t\t\t<p>Les membres du temple portent r\u00e9guli\u00e8rement le fez, y compris Drew Ali, qui arbore une plume\u00a0cherokee\u00a0dans le sien, et ajoutent souvent les suffixes \u00ab\u00a0Bey\u00a0\u00bb ou \u00ab\u00a0El\u00a0\u00bb \u00e0 leurs noms, pour affirmer leur suppos\u00e9 h\u00e9ritage marocain\/maure.<\/p><p>Le fondateur et proph\u00e8te autoproclam\u00e9 du Temple de la Science Maure en Am\u00e9rique (<em>the Moorish Science Temple of America)<\/em> r\u00e9dige m\u00eame son propre \u00ab\u00a0Coran\u00a0\u00bb, en r\u00e9alit\u00e9 un opuscule m\u00e9langeant des extraits du Coran et de la Bible \u00e0 des textes de Marcus Garvey ainsi que des anecdotes sur J\u00e9sus, le tout comment\u00e9 et r\u00e9interpr\u00e9t\u00e9 par lui-m\u00eame.<\/p><p>Drew d\u00e9c\u00e8de le 20 juillet 1929 dans d&rsquo;\u00e9tranges circonstances. Bien que cela soit sujet \u00e0 divergences, de nombreux t\u00e9moignages indiquent que Wallace Fard fut un sectateur de Noble Drew Ali, certains affirmant m\u00eame que Fard aurait proclam\u00e9 \u00eatre la r\u00e9incarnation d&rsquo;Ali.<\/p><p>       <\/p><p>La Nation of Islam est fond\u00e9e par Fard un an plus tard, en 1930, \u00e0 Detroit.<\/p>\t\t\t\t\t\t\t\t<\/div>\n\t\t\t\t<\/div>\n\t\t\t\t\t<\/div>\n\t\t\t\t<\/div>\n\t\t<div class=\"elementor-element elementor-element-58b2f52 e-flex e-con-boxed e-con e-parent\" data-id=\"58b2f52\" data-element_type=\"container\">\n\t\t\t\t\t<div class=\"e-con-inner\">\n\t\t\t\t<div class=\"elementor-element elementor-element-a5e9f41 elementor-widget elementor-widget-spacer\" data-id=\"a5e9f41\" data-element_type=\"widget\" data-widget_type=\"spacer.default\">\n\t\t\t\t<div class=\"elementor-widget-container\">\n\t\t\t\t\t\t\t<div class=\"elementor-spacer\">\n\t\t\t<div class=\"elementor-spacer-inner\"><\/div>\n\t\t<\/div>\n\t\t\t\t\t\t<\/div>\n\t\t\t\t<\/div>\n\t\t\t\t\t<\/div>\n\t\t\t\t<\/div>\n\t\t<div class=\"elementor-element elementor-element-b0c08f2 e-flex e-con-boxed e-con e-parent\" data-id=\"b0c08f2\" data-element_type=\"container\">\n\t\t\t\t\t<div class=\"e-con-inner\">\n\t\t\t\t<div class=\"elementor-element elementor-element-22a2f1f elementor-widget elementor-widget-heading\" data-id=\"22a2f1f\" data-element_type=\"widget\" data-widget_type=\"heading.default\">\n\t\t\t\t<div class=\"elementor-widget-container\">\n\t\t\t\t\t<h2 class=\"elementor-heading-title elementor-size-default\">NOI et s\u00e9paratisme<\/h2>\t\t\t\t<\/div>\n\t\t\t\t<\/div>\n\t\t\t\t\t<\/div>\n\t\t\t\t<\/div>\n\t\t<div class=\"elementor-element elementor-element-877db3d e-flex e-con-boxed e-con e-parent\" data-id=\"877db3d\" data-element_type=\"container\">\n\t\t\t\t\t<div class=\"e-con-inner\">\n\t\t\t\t<div class=\"elementor-element elementor-element-9229546 elementor-widget elementor-widget-spacer\" data-id=\"9229546\" data-element_type=\"widget\" data-widget_type=\"spacer.default\">\n\t\t\t\t<div class=\"elementor-widget-container\">\n\t\t\t\t\t\t\t<div class=\"elementor-spacer\">\n\t\t\t<div class=\"elementor-spacer-inner\"><\/div>\n\t\t<\/div>\n\t\t\t\t\t\t<\/div>\n\t\t\t\t<\/div>\n\t\t\t\t\t<\/div>\n\t\t\t\t<\/div>\n\t\t<div class=\"elementor-element elementor-element-023da4b e-flex e-con-boxed e-con e-parent\" data-id=\"023da4b\" data-element_type=\"container\">\n\t\t\t\t\t<div class=\"e-con-inner\">\n\t\t\t\t<div class=\"elementor-element elementor-element-27daeab elementor-widget elementor-widget-text-editor\" data-id=\"27daeab\" data-element_type=\"widget\" data-widget_type=\"text-editor.default\">\n\t\t\t\t<div class=\"elementor-widget-container\">\n\t\t\t\t\t\t\t\t\t<p class=\"has-text-align-justify\">S&rsquo;inspirant des th\u00e8ses de Marcus Garvey, la Nation promeut un s\u00e9paratisme assum\u00e9.<\/p><p class=\"has-text-align-justify\">Refusant cat\u00e9goriquement toute int\u00e9gration avec l&rsquo;Am\u00e9rique blanche, de peur que les Noirs ne perdent leur culture et traditions et consid\u00e9rant la \u00ab\u00a0race blanche\u00a0\u00bb comme une race naturellement injuste et d\u00e9moniaque, Wallace Fard, puis son successeur Elijah Muhammad, militent en effet pour que les Noirs am\u00e9ricains puissent b\u00e9n\u00e9ficier de leur propre Etat.<\/p><p>     <\/p><p class=\"has-text-align-justify\">Toutefois, \u00e0 la diff\u00e9rence de Garvey qui milite ardemment pour un retour en Afrique, Fard Muhammad et la NOI ne font pas du retour sur le continent africain un imp\u00e9ratif et privil\u00e9gient l&rsquo;id\u00e9e d&rsquo;un Etat Noir ind\u00e9pendant au sein m\u00eame des Etats-Unis, o\u00f9 le Sud est souvent consid\u00e9r\u00e9 comme propice en raison de ses diverses ressources mini\u00e8res et min\u00e9rales qui permettraient d&rsquo;y fonder une nation prosp\u00e8re.<\/p>\t\t\t\t\t\t\t\t<\/div>\n\t\t\t\t<\/div>\n\t\t\t\t\t<\/div>\n\t\t\t\t<\/div>\n\t\t<div class=\"elementor-element elementor-element-f896a4d e-flex e-con-boxed e-con e-parent\" data-id=\"f896a4d\" data-element_type=\"container\">\n\t\t\t\t\t<div class=\"e-con-inner\">\n\t\t\t\t<div class=\"elementor-element elementor-element-70166ad elementor-widget elementor-widget-spacer\" data-id=\"70166ad\" data-element_type=\"widget\" data-widget_type=\"spacer.default\">\n\t\t\t\t<div class=\"elementor-widget-container\">\n\t\t\t\t\t\t\t<div class=\"elementor-spacer\">\n\t\t\t<div class=\"elementor-spacer-inner\"><\/div>\n\t\t<\/div>\n\t\t\t\t\t\t<\/div>\n\t\t\t\t<\/div>\n\t\t\t\t\t<\/div>\n\t\t\t\t<\/div>\n\t\t<div class=\"elementor-element elementor-element-8ca4f2c e-flex e-con-boxed e-con e-parent\" data-id=\"8ca4f2c\" data-element_type=\"container\">\n\t\t\t\t\t<div class=\"e-con-inner\">\n\t\t\t\t<div class=\"elementor-element elementor-element-0557e08 elementor-widget elementor-widget-image\" data-id=\"0557e08\" data-element_type=\"widget\" data-widget_type=\"image.default\">\n\t\t\t\t<div class=\"elementor-widget-container\">\n\t\t\t\t\t\t\t\t\t\t\t\t<figure class=\"wp-caption\">\n\t\t\t\t\t\t\t\t\t\t<img loading=\"lazy\" decoding=\"async\" width=\"800\" height=\"400\" src=\"https:\/\/malcolmx.fr\/wp-content\/uploads\/2024\/02\/Wallace-D-Fard.webp\" class=\"attachment-full size-full wp-image-247\" alt=\"\" srcset=\"https:\/\/malcolmx.fr\/wp-content\/uploads\/2024\/02\/Wallace-D-Fard.webp 800w, https:\/\/malcolmx.fr\/wp-content\/uploads\/2024\/02\/Wallace-D-Fard-300x150.webp 300w, https:\/\/malcolmx.fr\/wp-content\/uploads\/2024\/02\/Wallace-D-Fard-768x384.webp 768w\" sizes=\"(max-width: 800px) 100vw, 800px\" \/>\t\t\t\t\t\t\t\t\t\t\t<figcaption class=\"widget-image-caption wp-caption-text\">Wallace D. Fard, fondateur de la Nation of Islam<\/figcaption>\n\t\t\t\t\t\t\t\t\t\t<\/figure>\n\t\t\t\t\t\t\t\t\t<\/div>\n\t\t\t\t<\/div>\n\t\t\t\t\t<\/div>\n\t\t\t\t<\/div>\n\t\t<div class=\"elementor-element elementor-element-e795cc9 e-flex e-con-boxed e-con e-parent\" data-id=\"e795cc9\" data-element_type=\"container\">\n\t\t\t\t\t<div class=\"e-con-inner\">\n\t\t\t\t<div class=\"elementor-element elementor-element-be28230 elementor-widget elementor-widget-spacer\" data-id=\"be28230\" data-element_type=\"widget\" data-widget_type=\"spacer.default\">\n\t\t\t\t<div class=\"elementor-widget-container\">\n\t\t\t\t\t\t\t<div class=\"elementor-spacer\">\n\t\t\t<div class=\"elementor-spacer-inner\"><\/div>\n\t\t<\/div>\n\t\t\t\t\t\t<\/div>\n\t\t\t\t<\/div>\n\t\t\t\t\t<\/div>\n\t\t\t\t<\/div>\n\t\t<div class=\"elementor-element elementor-element-17506fb e-flex e-con-boxed e-con e-parent\" data-id=\"17506fb\" data-element_type=\"container\">\n\t\t\t\t\t<div class=\"e-con-inner\">\n\t\t\t\t<div class=\"elementor-element elementor-element-9325b3e elementor-widget elementor-widget-text-editor\" data-id=\"9325b3e\" data-element_type=\"widget\" data-widget_type=\"text-editor.default\">\n\t\t\t\t<div class=\"elementor-widget-container\">\n\t\t\t\t\t\t\t\t\t<p class=\"has-text-align-justify\">En attendant un hypoth\u00e9tique Etat, Fard pr\u00f4ne le nationalisme noir, lequel se mat\u00e9rialise notamment au niveau \u00e9conomique : la Nation incite ses membres \u00e0 cr\u00e9er ses propres commerces, \u00e0 poss\u00e9der ses propres terres pour l&rsquo;agriculture et l&rsquo;\u00e9levage et invite ses fid\u00e8les \u00e0 devenir propri\u00e9taires, dans un objectif \u00e9tabli d&rsquo;autonomie et d&rsquo;ind\u00e9pendance vis-\u00e0-vis du patronat blanc.<\/p>\n<p><\/p>\n<p class=\"has-text-align-justify\">Dans le m\u00eame ordre d&rsquo;id\u00e9e, les Noirs sont encourag\u00e9s \u00e0 favoriser d\u00e8s que cela est possible les entreprises -et toutes autres activit\u00e9s- fond\u00e9es et\/ou dirig\u00e9s par d&rsquo;autres Noirs. Par ailleurs, chaque fid\u00e8le de la Nation se doit de verser 10% de ses revenus \u00e0 l&rsquo;organisation, afin de garantir sa p\u00e9rennit\u00e9.<\/p>\t\t\t\t\t\t\t\t<\/div>\n\t\t\t\t<\/div>\n\t\t\t\t\t<\/div>\n\t\t\t\t<\/div>\n\t\t<div class=\"elementor-element elementor-element-df97dce e-flex e-con-boxed e-con e-parent\" data-id=\"df97dce\" data-element_type=\"container\">\n\t\t\t\t\t<div class=\"e-con-inner\">\n\t\t\t\t<div class=\"elementor-element elementor-element-bf5bda0 elementor-widget elementor-widget-spacer\" data-id=\"bf5bda0\" data-element_type=\"widget\" data-widget_type=\"spacer.default\">\n\t\t\t\t<div class=\"elementor-widget-container\">\n\t\t\t\t\t\t\t<div class=\"elementor-spacer\">\n\t\t\t<div class=\"elementor-spacer-inner\"><\/div>\n\t\t<\/div>\n\t\t\t\t\t\t<\/div>\n\t\t\t\t<\/div>\n\t\t\t\t\t<\/div>\n\t\t\t\t<\/div>\n\t\t<div class=\"elementor-element elementor-element-1beabb4 e-flex e-con-boxed e-con e-parent\" data-id=\"1beabb4\" data-element_type=\"container\">\n\t\t\t\t\t<div class=\"e-con-inner\">\n\t\t\t\t<div class=\"elementor-element elementor-element-e61b321 elementor-widget elementor-widget-image\" data-id=\"e61b321\" data-element_type=\"widget\" data-widget_type=\"image.default\">\n\t\t\t\t<div class=\"elementor-widget-container\">\n\t\t\t\t\t\t\t\t\t\t\t\t<figure class=\"wp-caption\">\n\t\t\t\t\t\t\t\t\t\t<img loading=\"lazy\" decoding=\"async\" width=\"1000\" height=\"731\" src=\"https:\/\/malcolmx.fr\/wp-content\/uploads\/2024\/02\/67046-mx.jpeg\" class=\"attachment-full size-full wp-image-248\" alt=\"\" srcset=\"https:\/\/malcolmx.fr\/wp-content\/uploads\/2024\/02\/67046-mx.jpeg 1000w, https:\/\/malcolmx.fr\/wp-content\/uploads\/2024\/02\/67046-mx-300x219.jpeg 300w, https:\/\/malcolmx.fr\/wp-content\/uploads\/2024\/02\/67046-mx-768x561.jpeg 768w\" sizes=\"(max-width: 1000px) 100vw, 1000px\" \/>\t\t\t\t\t\t\t\t\t\t\t<figcaption class=\"widget-image-caption wp-caption-text\">Elijah Muhammad (droite) introduit Malcolm X lors d'un discours de la Nation \u00e0 Chicago - 26 f\u00e9vrier 1961 (AP Photo\/Paul Cannon)<\/figcaption>\n\t\t\t\t\t\t\t\t\t\t<\/figure>\n\t\t\t\t\t\t\t\t\t<\/div>\n\t\t\t\t<\/div>\n\t\t\t\t\t<\/div>\n\t\t\t\t<\/div>\n\t\t<div class=\"elementor-element elementor-element-855a88e e-flex e-con-boxed e-con e-parent\" data-id=\"855a88e\" data-element_type=\"container\">\n\t\t\t\t\t<div class=\"e-con-inner\">\n\t\t\t\t<div class=\"elementor-element elementor-element-20e977d elementor-widget elementor-widget-spacer\" data-id=\"20e977d\" data-element_type=\"widget\" data-widget_type=\"spacer.default\">\n\t\t\t\t<div class=\"elementor-widget-container\">\n\t\t\t\t\t\t\t<div class=\"elementor-spacer\">\n\t\t\t<div class=\"elementor-spacer-inner\"><\/div>\n\t\t<\/div>\n\t\t\t\t\t\t<\/div>\n\t\t\t\t<\/div>\n\t\t\t\t\t<\/div>\n\t\t\t\t<\/div>\n\t\t<div class=\"elementor-element elementor-element-1ab9b36 e-flex e-con-boxed e-con e-parent\" data-id=\"1ab9b36\" data-element_type=\"container\">\n\t\t\t\t\t<div class=\"e-con-inner\">\n\t\t\t\t<div class=\"elementor-element elementor-element-a17c746 elementor-widget elementor-widget-text-editor\" data-id=\"a17c746\" data-element_type=\"widget\" data-widget_type=\"text-editor.default\">\n\t\t\t\t<div class=\"elementor-widget-container\">\n\t\t\t\t\t\t\t\t\t<p class=\"has-text-align-justify\">De plus, cette doctrine du nationalisme noir propag\u00e9e par la NOI se concr\u00e9tise au niveau social : les Black Muslims -et plus largement tous les afro-am\u00e9ricains- sont ainsi invit\u00e9s \u00e0 fonder leurs propres \u00e9coles, coll\u00e8ges et universit\u00e9s et \u00e0 y placer leurs enfants. La NOI accuse en effet le syst\u00e8me \u00e9ducatif am\u00e9ricain d\u2019avoir toujours maintenu les Noirs dans une situation d\u2019\u00e9chec scolaire et d\u2019exclusion des\u00a0universit\u00e9s, et d\u2019avoir d\u00e9velopp\u00e9 des programmes d\u00e9veloppant le m\u00e9pris pour les Noirs et les civilisations extra-europ\u00e9ennes.<\/p><p>   <\/p><p class=\"has-text-align-justify\">Dans son livre <em><span style=\"text-decoration: underline;\">Message to the Blackman in America<\/span><\/em> (1965), Elijah Muhammad, second leader de la Nation de 1934 \u00e0 sa mort en 1975 et Messager autoproclam\u00e9, \u00e9crit \u00e0 cet effet : \u00a0<em>\u00ab\u00a0Nous voulons une \u00e9ducation \u00e9gale, mais des \u00e9coles s\u00e9par\u00e9es jusqu\u2019\u00e0 l&rsquo;\u00e2ge de 16 ans pour les gar\u00e7ons et 18 ans pour les filles, \u00e0 la condition que les filles soient envoy\u00e9es dans des\u00a0\u00e9coles\u00a0et des\u00a0universit\u00e9s\u00a0pour filles. Nous voulons que tous les enfants noirs soient \u00e9duqu\u00e9s, enseign\u00e9s et entra\u00een\u00e9s par leurs propres professeurs.\u00a0\u00bb<\/em>.<\/p>\t\t\t\t\t\t\t\t<\/div>\n\t\t\t\t<\/div>\n\t\t\t\t\t<\/div>\n\t\t\t\t<\/div>\n\t\t<div class=\"elementor-element elementor-element-87f5c69 e-flex e-con-boxed e-con e-parent\" data-id=\"87f5c69\" data-element_type=\"container\">\n\t\t\t\t\t<div class=\"e-con-inner\">\n\t\t\t\t<div class=\"elementor-element elementor-element-2aca9e2 elementor-widget elementor-widget-spacer\" data-id=\"2aca9e2\" data-element_type=\"widget\" data-widget_type=\"spacer.default\">\n\t\t\t\t<div class=\"elementor-widget-container\">\n\t\t\t\t\t\t\t<div class=\"elementor-spacer\">\n\t\t\t<div class=\"elementor-spacer-inner\"><\/div>\n\t\t<\/div>\n\t\t\t\t\t\t<\/div>\n\t\t\t\t<\/div>\n\t\t\t\t\t<\/div>\n\t\t\t\t<\/div>\n\t\t<div class=\"elementor-element elementor-element-5841183 e-flex e-con-boxed e-con e-parent\" data-id=\"5841183\" data-element_type=\"container\">\n\t\t\t\t\t<div class=\"e-con-inner\">\n\t\t\t\t<div class=\"elementor-element elementor-element-7523397 elementor-blockquote--skin-border elementor-blockquote--button-color-official elementor-widget elementor-widget-blockquote\" data-id=\"7523397\" data-element_type=\"widget\" data-widget_type=\"blockquote.default\">\n\t\t\t\t<div class=\"elementor-widget-container\">\n\t\t\t\t\t\t\t<blockquote class=\"elementor-blockquote\">\n\t\t\t<p class=\"elementor-blockquote__content\">\n\t\t\t\tNous voulons une \u00e9ducation \u00e9gale, mais des \u00e9coles s\u00e9par\u00e9es jusqu\u2019\u00e0 l'\u00e2ge de 16 ans pour les gar\u00e7ons et 18 ans pour les filles, \u00e0 la condition que les filles soient envoy\u00e9es dans des \u00e9coles et des universit\u00e9s pour filles. Nous voulons que tous les enfants noirs soient \u00e9duqu\u00e9s, enseign\u00e9s et entra\u00een\u00e9s par leurs propres professeurs.\t\t\t<\/p>\n\t\t\t\t\t\t\t<div class=\"e-q-footer\">\n\t\t\t\t\t\t\t\t\t\t\t<cite class=\"elementor-blockquote__author\">Elijah Muhammad, Message to the Blackman in America, 1965<\/cite>\n\t\t\t\t\t\t\t\t\t\t\t\t\t\t<\/div>\n\t\t\t\t\t<\/blockquote>\n\t\t\t\t\t\t<\/div>\n\t\t\t\t<\/div>\n\t\t\t\t\t<\/div>\n\t\t\t\t<\/div>\n\t\t<div class=\"elementor-element elementor-element-5dfa3a0 e-flex e-con-boxed e-con e-parent\" data-id=\"5dfa3a0\" data-element_type=\"container\">\n\t\t\t\t\t<div class=\"e-con-inner\">\n\t\t\t\t<div class=\"elementor-element elementor-element-df8ca98 elementor-widget elementor-widget-spacer\" data-id=\"df8ca98\" data-element_type=\"widget\" data-widget_type=\"spacer.default\">\n\t\t\t\t<div class=\"elementor-widget-container\">\n\t\t\t\t\t\t\t<div class=\"elementor-spacer\">\n\t\t\t<div class=\"elementor-spacer-inner\"><\/div>\n\t\t<\/div>\n\t\t\t\t\t\t<\/div>\n\t\t\t\t<\/div>\n\t\t\t\t\t<\/div>\n\t\t\t\t<\/div>\n\t\t<div class=\"elementor-element elementor-element-61c1213 e-flex e-con-boxed e-con e-parent\" data-id=\"61c1213\" data-element_type=\"container\">\n\t\t\t\t\t<div class=\"e-con-inner\">\n\t\t\t\t<div class=\"elementor-element elementor-element-5f67d83 elementor-widget elementor-widget-text-editor\" data-id=\"5f67d83\" data-element_type=\"widget\" data-widget_type=\"text-editor.default\">\n\t\t\t\t<div class=\"elementor-widget-container\">\n\t\t\t\t\t\t\t\t\t<p class=\"has-text-align-justify\">Par ailleurs, le changement de nom -et parfois du pr\u00e9nom- est une r\u00e8gle de la communaut\u00e9, et serait d\u00fb \u00e0 un commandement de\u00a0Wallace Fard Muhammad\u00a0lui-m\u00eame. Il s\u2019agit pour le nouvel adh\u00e9rent d\u2019affirmer la rupture symbolique avec son pass\u00e9 d\u2019incroyant, mais aussi d\u2019exprimer le refus du\u00a0\u00ab\u00a0nom d\u2019esclave\u00a0\u00bb, et donc l\u2019ind\u00e9pendance vis-\u00e0-vis du monde blanc. Les\u00a0d\u00e9port\u00e9s\u00a0africains\u00a0aux\u00a0\u00c9tats-Unis\u00a0recevaient en effet un pr\u00e9nom\u00a0chr\u00e9tien\u00a0et un nom de famille, tous deux impos\u00e9s par le propri\u00e9taire du nouvel esclave.<\/p>\n<p><\/p>\n<p class=\"has-text-align-justify\">Les pr\u00e9noms des nouveaux membres de la NOI ne sont pas toujours chang\u00e9s, mais quand ils le sont, c\u2019est au b\u00e9n\u00e9fice de pr\u00e9noms islamiques. Les noms de familles sont \u00e9galement fr\u00e9quemment chang\u00e9s, g\u00e9n\u00e9ralement en faveur d\u2019un nom musulman comme l&rsquo;illustre Elijah Muhammad n\u00e9 Elijah Pool, mais parfois aussi d\u2019un nom africain ou d\u2019un \u00ab\u00a0X\u00a0\u00bb symbolique, comme le fera <a href=\"https:\/\/malcolmx.fr\/index.php\/2024\/01\/18\/eloge-funebre-au-black-shining-prince\/\">Malcolm X<\/a>, n\u00e9 Malcolm Little.<\/p>\t\t\t\t\t\t\t\t<\/div>\n\t\t\t\t<\/div>\n\t\t\t\t\t<\/div>\n\t\t\t\t<\/div>\n\t\t<div class=\"elementor-element elementor-element-88eb34d e-flex e-con-boxed e-con e-parent\" data-id=\"88eb34d\" data-element_type=\"container\">\n\t\t\t\t\t<div class=\"e-con-inner\">\n\t\t\t\t<div class=\"elementor-element elementor-element-83b5cb2 elementor-widget elementor-widget-spacer\" data-id=\"83b5cb2\" data-element_type=\"widget\" data-widget_type=\"spacer.default\">\n\t\t\t\t<div class=\"elementor-widget-container\">\n\t\t\t\t\t\t\t<div class=\"elementor-spacer\">\n\t\t\t<div class=\"elementor-spacer-inner\"><\/div>\n\t\t<\/div>\n\t\t\t\t\t\t<\/div>\n\t\t\t\t<\/div>\n\t\t\t\t\t<\/div>\n\t\t\t\t<\/div>\n\t\t<div class=\"elementor-element elementor-element-9f52d16 e-flex e-con-boxed e-con e-parent\" data-id=\"9f52d16\" data-element_type=\"container\">\n\t\t\t\t\t<div class=\"e-con-inner\">\n\t\t\t\t<div class=\"elementor-element elementor-element-7af9108 elementor-widget elementor-widget-video\" data-id=\"7af9108\" data-element_type=\"widget\" data-settings=\"{&quot;youtube_url&quot;:&quot;https:\\\/\\\/www.youtube.com\\\/watch?v=YavipP3CI6Q&quot;,&quot;video_type&quot;:&quot;youtube&quot;,&quot;controls&quot;:&quot;yes&quot;}\" data-widget_type=\"video.default\">\n\t\t\t\t<div class=\"elementor-widget-container\">\n\t\t\t\t\t\t\t<div class=\"elementor-wrapper elementor-open-inline\">\n\t\t\t<div class=\"elementor-video\"><\/div>\t\t<\/div>\n\t\t\t\t\t\t<\/div>\n\t\t\t\t<\/div>\n\t\t\t\t\t<\/div>\n\t\t\t\t<\/div>\n\t\t<div class=\"elementor-element elementor-element-0881f7f e-flex e-con-boxed e-con e-parent\" data-id=\"0881f7f\" data-element_type=\"container\">\n\t\t\t\t\t<div class=\"e-con-inner\">\n\t\t\t\t<div class=\"elementor-element elementor-element-687d81e elementor-widget elementor-widget-spacer\" data-id=\"687d81e\" data-element_type=\"widget\" data-widget_type=\"spacer.default\">\n\t\t\t\t<div class=\"elementor-widget-container\">\n\t\t\t\t\t\t\t<div class=\"elementor-spacer\">\n\t\t\t<div class=\"elementor-spacer-inner\"><\/div>\n\t\t<\/div>\n\t\t\t\t\t\t<\/div>\n\t\t\t\t<\/div>\n\t\t\t\t\t<\/div>\n\t\t\t\t<\/div>\n\t\t<div class=\"elementor-element elementor-element-abf274b e-flex e-con-boxed e-con e-parent\" data-id=\"abf274b\" data-element_type=\"container\">\n\t\t\t\t\t<div class=\"e-con-inner\">\n\t\t\t\t<div class=\"elementor-element elementor-element-62ec077 elementor-widget elementor-widget-text-editor\" data-id=\"62ec077\" data-element_type=\"widget\" data-widget_type=\"text-editor.default\">\n\t\t\t\t<div class=\"elementor-widget-container\">\n\t\t\t\t\t\t\t\t\t<p class=\"has-text-align-justify\">En outre, le s\u00e9paratisme avec les Etats-Unis promu par la Nation of Islam se veut total : jusqu&rsquo;en 1975 et le d\u00e9c\u00e8s d&rsquo;Elijah Muhammad, la Nation proscrit \u00e0 ses membres de participer \u00e0 la vie politique am\u00e9ricaine. Est ainsi interdit aux Black Muslims de voter lors des \u00e9lections et de participer \u00e0 tout mouvement politique, participation per\u00e7ue comme un contresens et une contradiction de taille pour une Nation inspirant \u00e0 son propre Etat et \u00e0 ses propres lois.<\/p><p><\/p><p><\/p><p><\/p><p><\/p><p class=\"has-text-align-justify\">Suivant cette m\u00eame logique de s\u00e9paration et de non-int\u00e9gration, la NOI interdit formellement \u00e0 ses adeptes de servir dans l&rsquo;arm\u00e9e am\u00e9ricaine et de participer \u00e0 ses diff\u00e9rentes guerres. Pendant la\u00a0Seconde Guerre mondiale, la Nation de l\u2019islam affirme ainsi son opposition au gouvernement am\u00e9ricain en refusant toute collaboration \u00e0 l\u2019effort de guerre.<\/p><p class=\"has-text-align-justify\">En\u00a01943, encore tr\u00e8s petite,\u00a0<em>Nation of Islam<\/em>\u00a0est d\u00e9crite par un rapport du\u00a0FBI\u00a0comme \u00e9tant\u00a0<em>\u00ab fortement pro-japonaise, et ses leaders conseillent \u00e0 ses membres de refuser de se faire enregistrer \u00bb<\/em>\u00a0pour l\u2019effort de guerre en indiquant\u00a0<em>\u00ab\u00a0qu\u2019ils sont d\u00e9j\u00e0 enregistr\u00e9s \u00e0\u00a0La Mecque\u00a0\u00bb<\/em>. Elijah Muhammad finit m\u00eame par \u00eatre emprisonn\u00e9 de 1942 \u00e0 1946 pour s\u00e9dition.<\/p><p class=\"has-text-align-justify\">   <\/p><p class=\"has-text-align-justify\">Bien plus c\u00e9l\u00e8bre, le cas de Muhammad Ali qui refusera pour sa part de participer \u00e0 la guerre du Vietnam et qui se verra lui aussi condamn\u00e9 \u00e0 la prison, bien que cette condamnation se verra \u00eatre annul\u00e9e en appel quelques semaines plus tard.<\/p>\t\t\t\t\t\t\t\t<\/div>\n\t\t\t\t<\/div>\n\t\t\t\t\t<\/div>\n\t\t\t\t<\/div>\n\t\t<div class=\"elementor-element elementor-element-fbb2679 e-flex e-con-boxed e-con e-parent\" data-id=\"fbb2679\" data-element_type=\"container\">\n\t\t\t\t\t<div class=\"e-con-inner\">\n\t\t\t\t<div class=\"elementor-element elementor-element-dcedb76 elementor-widget elementor-widget-spacer\" data-id=\"dcedb76\" data-element_type=\"widget\" data-widget_type=\"spacer.default\">\n\t\t\t\t<div class=\"elementor-widget-container\">\n\t\t\t\t\t\t\t<div class=\"elementor-spacer\">\n\t\t\t<div class=\"elementor-spacer-inner\"><\/div>\n\t\t<\/div>\n\t\t\t\t\t\t<\/div>\n\t\t\t\t<\/div>\n\t\t\t\t\t<\/div>\n\t\t\t\t<\/div>\n\t\t<div class=\"elementor-element elementor-element-885d699 e-flex e-con-boxed e-con e-parent\" data-id=\"885d699\" data-element_type=\"container\">\n\t\t\t\t\t<div class=\"e-con-inner\">\n\t\t\t\t<div class=\"elementor-element elementor-element-381df46 elementor-widget elementor-widget-image\" data-id=\"381df46\" data-element_type=\"widget\" data-widget_type=\"image.default\">\n\t\t\t\t<div class=\"elementor-widget-container\">\n\t\t\t\t\t\t\t\t\t\t\t\t<figure class=\"wp-caption\">\n\t\t\t\t\t\t\t\t\t\t<img loading=\"lazy\" decoding=\"async\" width=\"800\" height=\"400\" src=\"https:\/\/malcolmx.fr\/wp-content\/uploads\/2024\/02\/3594d-sans-titre-15.webp\" class=\"attachment-full size-full wp-image-249\" alt=\"\" srcset=\"https:\/\/malcolmx.fr\/wp-content\/uploads\/2024\/02\/3594d-sans-titre-15.webp 800w, https:\/\/malcolmx.fr\/wp-content\/uploads\/2024\/02\/3594d-sans-titre-15-300x150.webp 300w, https:\/\/malcolmx.fr\/wp-content\/uploads\/2024\/02\/3594d-sans-titre-15-768x384.webp 768w\" sizes=\"(max-width: 800px) 100vw, 800px\" \/>\t\t\t\t\t\t\t\t\t\t\t<figcaption class=\"widget-image-caption wp-caption-text\">Muhammad Ali &amp; Elijah Muhammad - Thomas Hoepker\/Magnum<\/figcaption>\n\t\t\t\t\t\t\t\t\t\t<\/figure>\n\t\t\t\t\t\t\t\t\t<\/div>\n\t\t\t\t<\/div>\n\t\t\t\t\t<\/div>\n\t\t\t\t<\/div>\n\t\t<div class=\"elementor-element elementor-element-7dd920b e-flex e-con-boxed e-con e-parent\" data-id=\"7dd920b\" data-element_type=\"container\">\n\t\t\t\t\t<div class=\"e-con-inner\">\n\t\t\t\t<div class=\"elementor-element elementor-element-af95f05 elementor-widget elementor-widget-spacer\" data-id=\"af95f05\" data-element_type=\"widget\" data-widget_type=\"spacer.default\">\n\t\t\t\t<div class=\"elementor-widget-container\">\n\t\t\t\t\t\t\t<div class=\"elementor-spacer\">\n\t\t\t<div class=\"elementor-spacer-inner\"><\/div>\n\t\t<\/div>\n\t\t\t\t\t\t<\/div>\n\t\t\t\t<\/div>\n\t\t\t\t\t<\/div>\n\t\t\t\t<\/div>\n\t\t<div class=\"elementor-element elementor-element-d00d300 e-flex e-con-boxed e-con e-parent\" data-id=\"d00d300\" data-element_type=\"container\">\n\t\t\t\t\t<div class=\"e-con-inner\">\n\t\t\t\t<div class=\"elementor-element elementor-element-9f202c2 elementor-widget elementor-widget-text-editor\" data-id=\"9f202c2\" data-element_type=\"widget\" data-widget_type=\"text-editor.default\">\n\t\t\t\t<div class=\"elementor-widget-container\">\n\t\t\t\t\t\t\t\t\t<p class=\"has-text-align-justify\">La Nation ne participe pas non plus au Mouvement afro-am\u00e9ricain des droits civiques port\u00e9 notamment par <a href=\"https:\/\/www.youtube.com\/watch?v=TMnhZiyFcGE\">Martin Luther King<\/a>, qui pr\u00eache les concepts de r\u00e9sistance non-violente et d&rsquo;int\u00e9gration, inconcevables pour les Black Muslims qui \u00e0 l&rsquo;inverse pr\u00eachent les concepts d&rsquo;autod\u00e9fense et de s\u00e9paration.<\/p><p>   <\/p><p class=\"has-text-align-justify\">L&rsquo;int\u00e9gration est une id\u00e9ologie honnie dans les rangs de la NOI, car en plus de la crainte de voir l&rsquo;homme noir perdre de son identit\u00e9 et de sa fougue, une croyance religieuse constituant le socle de sa doctrine th\u00e9ologique et tr\u00e8s fortement inspir\u00e9e -sinon h\u00e9rit\u00e9e- de la secte du Temple de la Science Maure en Am\u00e9rique de Noble Drew Ali emp\u00eache cat\u00e9goriquement les Black Muslims d&rsquo;y adh\u00e9rer : tout comme Drew Ali, Wallace Fard et la Nation consid\u00e8rent en effet l&rsquo;homme blanc (ou la \u00ab\u00a0race europ\u00e9enne\u00a0\u00bb) comme \u00e9tant naturellement mal\u00e9fique et d\u00e9moniaque, n&rsquo;amenant que la corruption et la destruction sur Terre.<\/p>\t\t\t\t\t\t\t\t<\/div>\n\t\t\t\t<\/div>\n\t\t\t\t<div class=\"elementor-element elementor-element-27b3e1e elementor-widget elementor-widget-spacer\" data-id=\"27b3e1e\" data-element_type=\"widget\" data-widget_type=\"spacer.default\">\n\t\t\t\t<div class=\"elementor-widget-container\">\n\t\t\t\t\t\t\t<div class=\"elementor-spacer\">\n\t\t\t<div class=\"elementor-spacer-inner\"><\/div>\n\t\t<\/div>\n\t\t\t\t\t\t<\/div>\n\t\t\t\t<\/div>\n\t\t\t\t\t<\/div>\n\t\t\t\t<\/div>\n\t\t<div class=\"elementor-element elementor-element-8a22de1 e-flex e-con-boxed e-con e-parent\" data-id=\"8a22de1\" data-element_type=\"container\">\n\t\t\t\t\t<div class=\"e-con-inner\">\n\t\t\t\t<div class=\"elementor-element elementor-element-e22a2bc elementor-widget elementor-widget-heading\" data-id=\"e22a2bc\" data-element_type=\"widget\" data-widget_type=\"heading.default\">\n\t\t\t\t<div class=\"elementor-widget-container\">\n\t\t\t\t\t<h2 class=\"elementor-heading-title elementor-size-default\">Partie 2 : Noi &amp; religion<\/h2>\t\t\t\t<\/div>\n\t\t\t\t<\/div>\n\t\t\t\t\t<\/div>\n\t\t\t\t<\/div>\n\t\t\t\t<\/div>\n\t\t","protected":false},"excerpt":{"rendered":"<p>Cet article se propose de jeter la lumi\u00e8re sur la Nation of Islam, important mouvement n\u00e9 au XX\u00e8me si\u00e8cle et qui, aujourd&rsquo;hui encore, perdure aux Etats-Unis. <\/p>\n","protected":false},"author":1,"featured_media":244,"comment_status":"closed","ping_status":"open","sticky":false,"template":"","format":"standard","meta":{"om_disable_all_campaigns":false,"_monsterinsights_skip_tracking":false,"_monsterinsights_sitenote_active":false,"_monsterinsights_sitenote_note":"","_monsterinsights_sitenote_category":0,"_kad_post_transparent":"","_kad_post_title":"","_kad_post_layout":"","_kad_post_sidebar_id":"","_kad_post_content_style":"","_kad_post_vertical_padding":"","_kad_post_feature":"","_kad_post_feature_position":"","_kad_post_header":false,"_kad_post_footer":false,"_kad_post_classname":"","footnotes":""},"categories":[1],"tags":[],"class_list":["post-242","post","type-post","status-publish","format-standard","has-post-thumbnail","hentry","category-blog"],"aioseo_notices":[],"_links":{"self":[{"href":"https:\/\/malcolmx.fr\/index.php\/wp-json\/wp\/v2\/posts\/242","targetHints":{"allow":["GET"]}}],"collection":[{"href":"https:\/\/malcolmx.fr\/index.php\/wp-json\/wp\/v2\/posts"}],"about":[{"href":"https:\/\/malcolmx.fr\/index.php\/wp-json\/wp\/v2\/types\/post"}],"author":[{"embeddable":true,"href":"https:\/\/malcolmx.fr\/index.php\/wp-json\/wp\/v2\/users\/1"}],"replies":[{"embeddable":true,"href":"https:\/\/malcolmx.fr\/index.php\/wp-json\/wp\/v2\/comments?post=242"}],"version-history":[{"count":7,"href":"https:\/\/malcolmx.fr\/index.php\/wp-json\/wp\/v2\/posts\/242\/revisions"}],"predecessor-version":[{"id":396,"href":"https:\/\/malcolmx.fr\/index.php\/wp-json\/wp\/v2\/posts\/242\/revisions\/396"}],"wp:featuredmedia":[{"embeddable":true,"href":"https:\/\/malcolmx.fr\/index.php\/wp-json\/wp\/v2\/media\/244"}],"wp:attachment":[{"href":"https:\/\/malcolmx.fr\/index.php\/wp-json\/wp\/v2\/media?parent=242"}],"wp:term":[{"taxonomy":"category","embeddable":true,"href":"https:\/\/malcolmx.fr\/index.php\/wp-json\/wp\/v2\/categories?post=242"},{"taxonomy":"post_tag","embeddable":true,"href":"https:\/\/malcolmx.fr\/index.php\/wp-json\/wp\/v2\/tags?post=242"}],"curies":[{"name":"wp","href":"https:\/\/api.w.org\/{rel}","templated":true}]}}